{"id":336,"date":"2024-05-04T14:03:24","date_gmt":"2024-05-04T14:03:24","guid":{"rendered":"https:\/\/pautafrenetica.pt\/?p=336"},"modified":"2024-05-04T14:06:48","modified_gmt":"2024-05-04T14:06:48","slug":"apresentacoes-2024","status":"publish","type":"post","link":"https:\/\/pautafrenetica.pt\/index.php\/2024\/05\/04\/apresentacoes-2024\/","title":{"rendered":"Apresenta\u00e7\u00f5es 2024"},"content":{"rendered":"\n<p>Nos dias 22 e 23 decorreram as apresenta\u00e7\u00f5es dos alunos da Pauta Fren\u00e9tica, que tiveram lugar no Audit\u00f3rio Fernando Augusto &#8211; Gr\u00e9mio Dram\u00e1tico Povoense.<\/p>\n\n\n\n<p>\u00c9 com muito orgulho que deixamos aqui alguns v\u00eddeos das apresenta\u00e7\u00f5es.<\/p>\n\n\n\n<figure class=\"wp-block-embed is-type-video is-provider-youtube wp-block-embed-youtube wp-embed-aspect-16-9 wp-has-aspect-ratio\"><div class=\"wp-block-embed__wrapper\">\n<iframe title=\"Audi\u00e7oes Pauta Frenetica part 1\" width=\"1290\" height=\"726\" src=\"https:\/\/www.youtube.com\/embed\/AbhJMpNySQQ?feature=oembed\" frameborder=\"0\" allow=\"accelerometer; autoplay; clipboard-write; encrypted-media; gyroscope; picture-in-picture; web-share\" referrerpolicy=\"strict-origin-when-cross-origin\" allowfullscreen><\/iframe>\n<\/div><\/figure>\n\n\n\n<figure class=\"wp-block-embed is-type-video is-provider-youtube wp-block-embed-youtube wp-embed-aspect-16-9 wp-has-aspect-ratio\"><div class=\"wp-block-embed__wrapper\">\n<iframe title=\"Audi\u00e7oes Pauta Frenetica parte 2\" width=\"1290\" height=\"726\" src=\"https:\/\/www.youtube.com\/embed\/AEJUVIBy6AY?feature=oembed\" frameborder=\"0\" allow=\"accelerometer; autoplay; clipboard-write; encrypted-media; gyroscope; picture-in-picture; web-share\" referrerpolicy=\"strict-origin-when-cross-origin\" allowfullscreen><\/iframe>\n<\/div><\/figure>\n\n\n\n<figure class=\"wp-block-embed is-type-video is-provider-youtube wp-block-embed-youtube wp-embed-aspect-16-9 wp-has-aspect-ratio\"><div class=\"wp-block-embed__wrapper\">\n<iframe title=\"Audi\u00e7oes Pauta Frenetica part 3\" width=\"1290\" height=\"726\" src=\"https:\/\/www.youtube.com\/embed\/k4iWoGAmaKg?feature=oembed\" frameborder=\"0\" allow=\"accelerometer; autoplay; clipboard-write; encrypted-media; gyroscope; picture-in-picture; web-share\" referrerpolicy=\"strict-origin-when-cross-origin\" allowfullscreen><\/iframe>\n<\/div><\/figure>\n","protected":false},"excerpt":{"rendered":"<p>Nos dias 22 e 23 decorreram as apresenta\u00e7\u00f5es dos alunos da Pauta Fren\u00e9tica, que tiveram lugar no Audit\u00f3rio Fernando Augusto &#8211; Gr\u00e9mio Dram\u00e1tico Povoense. \u00c9 com muito orgulho que deixamos aqui alguns v\u00eddeos das apresenta\u00e7\u00f5es.<\/p>\n","protected":false},"author":1,"featured_media":339,"comment_status":"open","ping_status":"open","sticky":false,"template":"","format":"standard","meta":{"ngg_post_thumbnail":0,"footnotes":""},"categories":[6],"tags":[],"class_list":["post-336","post","type-post","status-publish","format-standard","has-post-thumbnail","hentry","category-eventos"],"blocksy_meta":[],"_links":{"self":[{"href":"https:\/\/pautafrenetica.pt\/index.php\/wp-json\/wp\/v2\/posts\/336","targetHints":{"allow":["GET"]}}],"collection":[{"href":"https:\/\/pautafrenetica.pt\/index.php\/wp-json\/wp\/v2\/posts"}],"about":[{"href":"https:\/\/pautafrenetica.pt\/index.php\/wp-json\/wp\/v2\/types\/post"}],"author":[{"embeddable":true,"href":"https:\/\/pautafrenetica.pt\/index.php\/wp-json\/wp\/v2\/users\/1"}],"replies":[{"embeddable":true,"href":"https:\/\/pautafrenetica.pt\/index.php\/wp-json\/wp\/v2\/comments?post=336"}],"version-history":[{"count":1,"href":"https:\/\/pautafrenetica.pt\/index.php\/wp-json\/wp\/v2\/posts\/336\/revisions"}],"predecessor-version":[{"id":338,"href":"https:\/\/pautafrenetica.pt\/index.php\/wp-json\/wp\/v2\/posts\/336\/revisions\/338"}],"wp:featuredmedia":[{"embeddable":true,"href":"https:\/\/pautafrenetica.pt\/index.php\/wp-json\/wp\/v2\/media\/339"}],"wp:attachment":[{"href":"https:\/\/pautafrenetica.pt\/index.php\/wp-json\/wp\/v2\/media?parent=336"}],"wp:term":[{"taxonomy":"category","embeddable":true,"href":"https:\/\/pautafrenetica.pt\/index.php\/wp-json\/wp\/v2\/categories?post=336"},{"taxonomy":"post_tag","embeddable":true,"href":"https:\/\/pautafrenetica.pt\/index.php\/wp-json\/wp\/v2\/tags?post=336"}],"curies":[{"name":"wp","href":"https:\/\/api.w.org\/{rel}","templated":true}]}}